{"id":892,"__str__":"Parecer n\u00ba 63 de 2025","link_detail_backend":"/materia/892","metadata":{},"numero":63,"ano":2025,"numero_protocolo":null,"data_apresentacao":"2025-10-29","tipo_apresentacao":"E","data_publicacao":null,"numero_origem_externa":"","ano_origem_externa":null,"data_origem_externa":null,"apelido":"","dias_prazo":null,"data_fim_prazo":null,"em_tramitacao":false,"polemica":false,"objeto":"","complementar":false,"ementa":"Parecer da comiss\u00e3o de legisla\u00e7\u00e3o, justi\u00e7a e reda\u00e7\u00e3o ao Projeto de Lei do Executivo n\u00ba 051 de 2025","indexacao":"","observacao":"","resultado":"","texto_original":null,"data_ultima_atualizacao":"2025-10-29T16:24:03.462029-03:00","ip":"38.252.108.236","ultima_edicao":"2025-10-29T16:22:43.769662-03:00","tipo":8,"regime_tramitacao":1,"tipo_origem_externa":null,"local_origem_externa":null,"user":72,"anexadas":[],"autores":[]}