{"id":830,"__str__":"Projeto de Resolu\u00e7\u00e3o n\u00ba 3 de 2025","link_detail_backend":"/materia/830","metadata":{},"numero":3,"ano":2025,"numero_protocolo":null,"data_apresentacao":"2025-10-06","tipo_apresentacao":"E","data_publicacao":null,"numero_origem_externa":"","ano_origem_externa":null,"data_origem_externa":null,"apelido":"","dias_prazo":null,"data_fim_prazo":null,"em_tramitacao":false,"polemica":false,"objeto":"","complementar":false,"ementa":"Disp\u00f5e sobre a cria\u00e7\u00e3o do Grupo de Trabalho de Gest\u00e3o de Documentos e Arquiv\u00edstica no \u00e2mbito da C\u00e2mara Municipal de Carpina/PE e d\u00e1 outras provid\u00eancias.","indexacao":"","observacao":"","resultado":"","texto_original":"http://sapl.carpina.pe.leg.br/media/sapl/public/materialegislativa/2025/830/minuta_resolucao_grupo_de_trabalho_de_gestao_de_documentos_e_arquivisticas.pdf","data_ultima_atualizacao":"2025-11-05T09:25:43.791706-03:00","ip":"38.252.108.236","ultima_edicao":"2025-10-07T12:49:55.496230-03:00","tipo":6,"regime_tramitacao":1,"tipo_origem_externa":null,"local_origem_externa":null,"user":2,"anexadas":[],"autores":[52]}