{"id":826,"__str__":"Requerimento Escrito n\u00ba 208 de 2025","link_detail_backend":"/materia/826","metadata":{"signs":{"texto_original":{"admin":[],"autores":[["Paulo Fernando da Silva",["2025-10-06T09:31:01-03:00",""]]]}}},"numero":208,"ano":2025,"numero_protocolo":null,"data_apresentacao":"2025-10-06","tipo_apresentacao":"E","data_publicacao":null,"numero_origem_externa":"","ano_origem_externa":null,"data_origem_externa":null,"apelido":"","dias_prazo":null,"data_fim_prazo":null,"em_tramitacao":false,"polemica":false,"objeto":"","complementar":false,"ementa":"Requer que seja oficiado a Exma. Sra. MARIA EDUARDA BAIMA TEIXEIRA GOUVEIA, Prefeita do Munic\u00edpio do Carpina, proposi\u00e7\u00e3o no sentido de que a mesma, providencie a realiza\u00e7\u00e3o do Natal Luz de Carpina.","indexacao":"","observacao":"","resultado":"","texto_original":"http://sapl.carpina.pe.leg.br/media/sapl/public/materialegislativa/2025/826/requerimento_18_2025_natal_luz_assinado.pdf","data_ultima_atualizacao":"2025-10-20T11:08:15.449697-03:00","ip":"38.252.108.236","ultima_edicao":"2025-10-06T10:19:23.897927-03:00","tipo":9,"regime_tramitacao":1,"tipo_origem_externa":null,"local_origem_externa":null,"user":40,"anexadas":[],"autores":[50]}