{"id":544,"__str__":"Requerimento Escrito n\u00ba 28 de 2025","link_detail_backend":"/materia/544","metadata":{},"numero":28,"ano":2025,"numero_protocolo":null,"data_apresentacao":"2025-02-25","tipo_apresentacao":"E","data_publicacao":null,"numero_origem_externa":"","ano_origem_externa":null,"data_origem_externa":null,"apelido":"","dias_prazo":null,"data_fim_prazo":null,"em_tramitacao":false,"polemica":false,"objeto":"","complementar":false,"ementa":"Requer \u00e0 mesa diretora que, consultado o Plen\u00e1rio, na forma regimental, seja concedido VOTO DE APLAUSOS \u00e0 f\u00e1brica Doce Praeira, pela sua contribui\u00e7\u00e3o profissional no atendimento \u00e0 popula\u00e7\u00e3o carpinense, iniciando suas atividades no ano de 1950, com um garoto, um tacho de bronze e um sonho de ser um grande empreendedor, ele se chama Joaquim \u00c2ngelo de Farias nascido e criado em Carpina, foicasado com Luiza Maria de Farias, onde tiveram 5 filhos.","indexacao":"","observacao":"","resultado":"","texto_original":"http://sapl.carpina.pe.leg.br/media/sapl/public/materialegislativa/2025/544/req_028.pdf","data_ultima_atualizacao":"2025-06-02T14:25:19.614739-03:00","ip":"38.252.108.236","ultima_edicao":"2025-06-02T14:24:58.952089-03:00","tipo":9,"regime_tramitacao":1,"tipo_origem_externa":null,"local_origem_externa":null,"user":40,"anexadas":[],"autores":[45]}