{"id":479,"__str__":"Requerimento Escrito n\u00ba 1 de 2025","link_detail_backend":"/materia/479","metadata":{},"numero":1,"ano":2025,"numero_protocolo":null,"data_apresentacao":"2025-02-04","tipo_apresentacao":"E","data_publicacao":null,"numero_origem_externa":"","ano_origem_externa":null,"data_origem_externa":null,"apelido":"","dias_prazo":null,"data_fim_prazo":null,"em_tramitacao":false,"polemica":false,"objeto":"","complementar":false,"ementa":"Requer que seja oficiado a Exma. Sra. MARIA EDUARDA BAIMA TEIXEIRA GOUVEIA, Prefeita do Munic\u00edpio do Carpina, proposi\u00e7\u00e3o no sentido de que a mesma, adote as medidas necess\u00e1rias objetivando que sejam estudadas e implementadas pol\u00edticas p\u00fablicas voltadas para o apoio \u00e0s m\u00e3es de crian\u00e7as autistas, abrangendo, entre outras, as seguintes a\u00e7\u00f5es:  cria\u00e7\u00e3o de grupos de apoio, capacita\u00e7\u00e3o profissional e empregabilidade, facilita\u00e7\u00e3o no acesso a servi\u00e7os de sa\u00fade e bem-estar, cria\u00e7\u00e3o de programas de respiro familiar, campanhas de conscientiza\u00e7\u00e3o.","indexacao":"","observacao":"","resultado":"","texto_original":"http://sapl.carpina.pe.leg.br/media/sapl/public/materialegislativa/2025/479/req_001.pdf","data_ultima_atualizacao":"2025-05-30T12:36:38.031739-03:00","ip":"38.252.108.236","ultima_edicao":"2025-05-30T12:36:37.541370-03:00","tipo":9,"regime_tramitacao":1,"tipo_origem_externa":null,"local_origem_externa":null,"user":40,"anexadas":[],"autores":[16]}