{"id":39,"__str__":"Requerimento Escrito n\u00ba 13 de 2023","link_detail_backend":"/materia/39","metadata":{},"numero":13,"ano":2023,"numero_protocolo":null,"data_apresentacao":"2023-02-13","tipo_apresentacao":"E","data_publicacao":null,"numero_origem_externa":"","ano_origem_externa":null,"data_origem_externa":null,"apelido":"","dias_prazo":null,"data_fim_prazo":null,"em_tramitacao":false,"polemica":false,"objeto":"","complementar":false,"ementa":"RICARDO JOS\u00c9 BEZERRA DE FREITAS, Vereador com assento nesta Casa Legiferante, pelo Partido Republicanos, requer \u00e0 mesa que, consultado o\r\nPlen\u00e1rio, na forma regimental, seja oficiado ao Exmo. Sr. MANUEL SEVERINO DA SILVA, Prefeito do Carpina, proposi\u00e7\u00e3o no sentido de que o mesmo, adote as provid\u00eancias cab\u00edveis sobre a circula\u00e7\u00e3o de motos e bicicletas que transitam no meio da feira livre.","indexacao":"","observacao":"","resultado":"","texto_original":"http://sapl.carpina.pe.leg.br/media/sapl/public/materialegislativa/2023/39/req__013-2023.pdf","data_ultima_atualizacao":"2023-05-04T10:54:06.713984-03:00","ip":"45.186.96.231","ultima_edicao":"2023-05-04T10:51:51.274452-03:00","tipo":9,"regime_tramitacao":1,"tipo_origem_externa":null,"local_origem_externa":null,"user":4,"anexadas":[],"autores":[21]}