{"id":325,"__str__":"Requerimento Escrito n\u00ba 26 de 2024","link_detail_backend":"/materia/325","metadata":{},"numero":26,"ano":2024,"numero_protocolo":null,"data_apresentacao":"2024-03-26","tipo_apresentacao":"","data_publicacao":null,"numero_origem_externa":"","ano_origem_externa":null,"data_origem_externa":null,"apelido":"","dias_prazo":null,"data_fim_prazo":null,"em_tramitacao":false,"polemica":false,"objeto":"","complementar":false,"ementa":"M\u00c1RCIO ROBERTO DE SANTANA, Vereador com assento nesta Casa Legiferante, pelo Partido Comunista do Brasil -Pc do B, requer \u00e0 mesa que,\r\nconsultado o Plen\u00e1rio, ~ forma regimental, seja ciado ao Exmo. Sr. MANUEL SEVERINO DA SILVA, Prefeito do Carpina,. Sr. PAULO RIBEIRO DE\r\nLEMOS FILHO, Secret\u00e1rio de Obras, proposi\u00e7\u00e3o o ser tido de que os mesmos tomem medidas  cab\u00edveis objetivando a constru\u00e7\u00e3o de uma ciclo faixa para a cidade de Carpina.","indexacao":"","observacao":"","resultado":"","texto_original":"http://sapl.carpina.pe.leg.br/media/sapl/public/materialegislativa/2024/325/req_026-2024.pdf","data_ultima_atualizacao":"2024-07-16T10:21:53.563056-03:00","ip":"45.186.96.231","ultima_edicao":"2024-07-16T10:10:36.368770-03:00","tipo":9,"regime_tramitacao":1,"tipo_origem_externa":null,"local_origem_externa":null,"user":4,"anexadas":[],"autores":[]}