{"id":264,"__str__":"Requerimento Escrito n\u00ba 169 de 2023","link_detail_backend":"/materia/264","metadata":{},"numero":169,"ano":2023,"numero_protocolo":null,"data_apresentacao":"2023-10-03","tipo_apresentacao":"E","data_publicacao":null,"numero_origem_externa":"","ano_origem_externa":null,"data_origem_externa":null,"apelido":"","dias_prazo":null,"data_fim_prazo":null,"em_tramitacao":false,"polemica":false,"objeto":"","complementar":false,"ementa":"MARCELO JOS\u00c9 DA SILVA, Vereador com assento nesta Casa Legiferante, pelo Partido Social Liberal - PSL requer \u00e0 mesa que, consuitado o Plen\u00e1rio, na forma regimental, seja oficiado ao Exmo. Sr. MANUEL SEVERINO DA SILVA, Prefeito do. Carpina, proposi\u00e7\u00e3o no sentido de que o mesmo, providencie a constru\u00e7\u00e3o do cal\u00e7amento e saneamento da Rua 01 e Rua J, no bairro das Tr\u00eas Marias.","indexacao":"","observacao":"","resultado":"","texto_original":"http://sapl.carpina.pe.leg.br/media/sapl/public/materialegislativa/2023/264/reql_169-2023.pdf","data_ultima_atualizacao":"2023-10-19T10:22:57.048975-03:00","ip":"45.186.96.231","ultima_edicao":"2023-10-19T10:21:11.404431-03:00","tipo":9,"regime_tramitacao":1,"tipo_origem_externa":null,"local_origem_externa":null,"user":4,"anexadas":[],"autores":[7]}