{"id":261,"__str__":"Requerimento Escrito n\u00ba 171 de 2023","link_detail_backend":"/materia/261","metadata":{},"numero":171,"ano":2023,"numero_protocolo":null,"data_apresentacao":"2023-10-03","tipo_apresentacao":"E","data_publicacao":null,"numero_origem_externa":"","ano_origem_externa":null,"data_origem_externa":null,"apelido":"","dias_prazo":null,"data_fim_prazo":null,"em_tramitacao":false,"polemica":false,"objeto":"","complementar":false,"ementa":"MARDUQUEU GRiGORIO PEREIRA J\u00daNIOR, Vereador com assento nesta Casa Legiferante, pelo Partido Uni\u00e3o Brasil - UNI\u00c3O, requer \u00e0 mesa que ,consultado o Plen\u00e1rio, na forma regimental, seja oficiado ao Exmo. Sr. MANUEL SEVERINO DA SILVA, Prefeito do Carpina, e ao limo. Sr. PAULO RIBEIRO, Secret\u00e1rio de Obras e Infraestrutura, proposi\u00e7\u00e3o no sentido de que os mesmos, providenciem a reforma da segunda parte do Mercado P\u00fablico realizando servi\u00e7os de reparos estruturais, na fia\u00e7\u00e3o exposta que tr\u00e1s perigos as casas, troca do quadro de energia -do pr\u00e9dio, conclus\u00e3o das reformas dos banheiros do andar superior que est\u00e3o incompletas e a pintura geral do pr\u00e9dio.","indexacao":"","observacao":"","resultado":"","texto_original":"http://sapl.carpina.pe.leg.br/media/sapl/public/materialegislativa/2023/261/reql_171-2023.pdf","data_ultima_atualizacao":"2023-10-11T10:51:43.477472-03:00","ip":"45.186.96.231","ultima_edicao":"2023-10-11T10:49:39.183709-03:00","tipo":9,"regime_tramitacao":1,"tipo_origem_externa":null,"local_origem_externa":null,"user":4,"anexadas":[],"autores":[10]}