{"id":258,"__str__":"Requerimento Escrito n\u00ba 167 de 2023","link_detail_backend":"/materia/258","metadata":{},"numero":167,"ano":2023,"numero_protocolo":null,"data_apresentacao":"2023-10-03","tipo_apresentacao":"","data_publicacao":null,"numero_origem_externa":"","ano_origem_externa":null,"data_origem_externa":null,"apelido":"","dias_prazo":null,"data_fim_prazo":null,"em_tramitacao":false,"polemica":false,"objeto":"","complementar":false,"ementa":"ERALDO JOS\u00c9 DO NASCIMENTO, Vereador com assento nesta Casa Legiferante, pelo Partido Trabalhista Brasileiro - PTB, requer que seja oficiado ao\r\nExmo. Sr. MANUEL SEVERINO DA SILVA, Prefeito do Carpina, e a lima. Sra . . JACILENE LOURDES DA SILVA, Secret\u00e1ria de Sa\u00fade, proposi\u00e7\u00e3o no sentido de\r\nque os mesmos, destinem os recursos da emenda impositiva aprovada para disponibilizar salas de fisioterapia nas depend\u00eancias da unidade b\u00e1sica de sa\u00fade em Florestinha e Tr\u00eas Marias.","indexacao":"","observacao":"","resultado":"","texto_original":"http://sapl.carpina.pe.leg.br/media/sapl/public/materialegislativa/2023/258/reql_167-2023.pdf","data_ultima_atualizacao":"2023-10-11T10:45:14.518148-03:00","ip":"45.186.96.231","ultima_edicao":"2023-10-11T10:43:48.042411-03:00","tipo":9,"regime_tramitacao":1,"tipo_origem_externa":null,"local_origem_externa":null,"user":4,"anexadas":[],"autores":[15]}