{"id":229,"__str__":"Requerimento Escrito n\u00ba 137 de 2023","link_detail_backend":"/materia/229","metadata":{},"numero":137,"ano":2023,"numero_protocolo":null,"data_apresentacao":"2023-09-05","tipo_apresentacao":"E","data_publicacao":null,"numero_origem_externa":"","ano_origem_externa":null,"data_origem_externa":null,"apelido":"","dias_prazo":null,"data_fim_prazo":null,"em_tramitacao":false,"polemica":false,"objeto":"","complementar":false,"ementa":"MARCELO JOS\u00c9 DA SILVA, Vereador com assento nesta Casa Legiferante, pelo Partido Social Libera! - PSL requer \u00e0 mesa que, consultado o Plen\u00e1rio, na forma regimental, seja oficiado ao Exmo. Sr MANUEL SEVERINO DA SILVA, Prefeito do Carpina, proposi\u00e7\u00e3o no sentido de que o mesmo, providencie o cal\u00e7amento e saneamento da Rua Severino Gomes de Freitas, no Bairro de Tr\u00eas Marias.","indexacao":"","observacao":"","resultado":"","texto_original":"http://sapl.carpina.pe.leg.br/media/sapl/public/materialegislativa/2023/229/reql_137-2023.pdf","data_ultima_atualizacao":"2023-10-03T11:03:04.568287-03:00","ip":"45.186.96.231","ultima_edicao":"2023-10-03T10:59:31.527505-03:00","tipo":9,"regime_tramitacao":1,"tipo_origem_externa":null,"local_origem_externa":null,"user":4,"anexadas":[],"autores":[7]}